[{"@context":"https:\/\/schema.org\/","@type":"Article","@id":"https:\/\/www.durabau.sk\/stylove-miesto-pre-maskrtne-jazycky\/#Article","mainEntityOfPage":"https:\/\/www.durabau.sk\/stylove-miesto-pre-maskrtne-jazycky\/","headline":"\u0160t\u00fdlov\u00e9 miesto pre ma\u0161krtn\u00e9 jaz\u00fd\u010dky","name":"\u0160t\u00fdlov\u00e9 miesto pre ma\u0161krtn\u00e9 jaz\u00fd\u010dky","description":"Tr\u00e1vime tu v\u00e4\u010d\u0161inu n\u00e1\u0161ho \u010dasu a dok\u00e1\u017eeme vy\u010darova\u0165 hotov\u00e9 hody pre v\u0161etk\u00fdch na\u0161ich bl\u00edzkych. Mus\u00ed by\u0165 dokonale zalo\u017een\u00e1 do posledn\u00e9ho detailu. A pr\u00e1ve preto by sme mali venova\u0165 tomuto priestoru [&hellip;]","datePublished":"2017-07-07","dateModified":"2023-04-28","author":{"@type":"Person","@id":"https:\/\/www.durabau.sk\/author\/#Person","name":"","url":"https:\/\/www.durabau.sk\/author\/","identifier":1,"image":{"@type":"ImageObject","@id":"https:\/\/secure.gravatar.com\/avatar\/93f351f97d5e20a41105810347d62b8b573eebe9313df1f71432877ed17f5f1a?s=96&d=mm&r=g","url":"https:\/\/secure.gravatar.com\/avatar\/93f351f97d5e20a41105810347d62b8b573eebe9313df1f71432877ed17f5f1a?s=96&d=mm&r=g","height":96,"width":96}},"publisher":{"@type":"Organization","name":"durabau.sk","logo":{"@type":"ImageObject","@id":"\/logo.png","url":"\/logo.png","width":600,"height":60}},"image":{"@type":"ImageObject","@id":"https:\/\/www.durabau.sk\/wp-content\/uploads\/img_a282355_w2039_t1504767228.jpg","url":"https:\/\/www.durabau.sk\/wp-content\/uploads\/img_a282355_w2039_t1504767228.jpg","height":0,"width":0},"url":"https:\/\/www.durabau.sk\/stylove-miesto-pre-maskrtne-jazycky\/","wordCount":402,"articleBody":"       Tr\u00e1vime tu v\u00e4\u010d\u0161inu n\u00e1\u0161ho \u010dasu a dok\u00e1\u017eeme vy\u010darova\u0165 hotov\u00e9 hody pre v\u0161etk\u00fdch na\u0161ich bl\u00edzkych. Mus\u00ed by\u0165 dokonale zalo\u017een\u00e1 do posledn\u00e9ho detailu. A pr\u00e1ve preto by sme mali venova\u0165 tomuto priestoru najv\u00e4\u010d\u0161iu pozornos\u0165 vo chv\u00edli, ke\u010f si zaria\u010fujeme b\u00fdvanie. Budeme tu predsa chcie\u0165 vari\u0165 celej na\u0161ej rodine a k tomu je potrebn\u00e9 ma\u0165 spr\u00e1vny koncept cel\u00e9ho priestoru. V\u00e4\u010d\u0161inou sa dnes do\u010dk\u00e1me v\u010faka \u0161ikovn\u00fdm dizajn\u00e9rom prepojenia s jed\u00e1l\u0148ou. M\u00f4\u017eeme tak tr\u00e1vi\u0165 \u010das spolo\u010dne s celou rodinou pohromade aj pri pr\u00e1ci. Nie je d\u00f4le\u017eit\u00e9 len zariadenie, teda spotrebi\u010de, bez ktor\u00fdch sa nezaob\u00eddeme, ale aj osvetlenie kuchynskej linky pre na\u0161e varenie. Potrebujeme vidie\u0165 na potraviny, riad a navy\u0161e sa jedn\u00e1 aj o na\u0161e bezpe\u010die, ke\u010f budeme pracova\u0165 napr\u00edklad s ostr\u00fdmi predmetmi. Na tieto skuto\u010dnosti by sme mali bra\u0165 zrete\u013e u\u017e pri prv\u00fdch n\u00e1vrhoch alebo e\u0161te pred rekon\u0161trukciou. V minulosti sa pou\u017e\u00edvalo jedin\u00e9 stropn\u00e9 svetlo, ktor\u00e9 ale nebolo v\u00f4bec dosta\u010duj\u00face. V\u00e4\u010d\u0161inou bolo umiestnen\u00e9 v strede miestnosti. Rytmus dne\u0161n\u00e9ho modern\u00e9ho \u017eivota je naozaj \u00faporn\u00fd, tak\u017ee sa ko\u013ekokr\u00e1t pr\u00e1ve do kuchyne dostaneme a\u017e neskoro popoludn\u00ed alebo ve\u010der. Pr\u00e1ve preto je dnes ve\u013emi popul\u00e1rne podsvietenie linky, kedy m\u00e1me v\u0161etko priamo na o\u010diach a ni\u010d neprehliadneme. Kone\u010dne bude pr\u00e1ve t\u00e1to \u010das\u0165 v\u00e1\u0161ho domu vyzera\u0165 ve\u013emi atrakt\u00edvne a z\u00e1rove\u0148 zostane plne funk\u010dn\u00e1. Dostane ten spr\u00e1vny dych doby.Pracovn\u00e9 prostredie Najbe\u017enej\u0161ie s\u00fa LED p\u00e1siky alebo podlhovast\u00e9 ploch\u00e9 \u017eiarivky. Maj\u00fa n\u00edzky profil skryt\u00fd do dekorat\u00edvnych l\u00ed\u0161t, tak\u017ee neru\u0161ia cel\u00fd koncept kuchynskej linky. Pokojne si ich m\u00f4\u017eete necha\u0165 nain\u0161talova\u0165 dovn\u00fatra skriniek.Vyhnite sa oslneniu a tie\u0148om V\u00e4\u010d\u0161ina \u017eiariviek a di\u00f3d je dnes u\u017e opatren\u00e1 \u0161peci\u00e1lnymi rastrov\u00fdmi krytmi pre kvalitn\u00e9 rozpt\u00fdlenie. Zabr\u00e1nime tak tie\u0148om a nechcen\u00e9mu oslneniu. Na\u0161e o\u010di to ocenia a tie\u017e budeme ma\u0165 dokonal\u00fd preh\u013ead o tom, \u010do kde n\u00e1jdeme. Takto sa d\u00e1 pracova\u0165 aj s mal\u00fdm priestorom, kde mus\u00edme dba\u0165 na ka\u017ed\u00fd centimeter a spr\u00e1vne ho vyu\u017ei\u0165.                                                                                                                                                                                                                                                                                                                                                                                          4.2\/5 - (10 votes)        "},{"@context":"https:\/\/schema.org\/","@type":"BreadcrumbList","itemListElement":[{"@type":"ListItem","position":1,"name":"\u0160t\u00fdlov\u00e9 miesto pre ma\u0161krtn\u00e9 jaz\u00fd\u010dky","item":"https:\/\/www.durabau.sk\/stylove-miesto-pre-maskrtne-jazycky\/#breadcrumbitem"}]}]