[{"@context":"https:\/\/schema.org\/","@type":"Article","@id":"https:\/\/www.durabau.sk\/problem-s-akrylovymi-nechtami\/#Article","mainEntityOfPage":"https:\/\/www.durabau.sk\/problem-s-akrylovymi-nechtami\/","headline":"Probl\u00e9m s akrylov\u00fdmi nechtami","name":"Probl\u00e9m s akrylov\u00fdmi nechtami","description":"T\u00fdm z n\u00e1s, ktor\u00e9 maj\u00fa probl\u00e9my s pr\u00edrodn\u00fdmi nechtami, m\u00f4\u017ee pom\u00f4c\u0165 model\u00e1cia. V\u010faka nej u\u017e nebud\u00fa tak slab\u00e9, m\u00f4\u017eete zabudn\u00fa\u0165 na ich \u0161tiepenie a l\u00e1manie. Navy\u0161e si m\u00f4\u017eete dopria\u0165 zauj\u00edmav\u00fd [&hellip;]","datePublished":"2017-04-19","dateModified":"2023-04-28","author":{"@type":"Person","@id":"https:\/\/www.durabau.sk\/author\/#Person","name":"","url":"https:\/\/www.durabau.sk\/author\/","identifier":1,"image":{"@type":"ImageObject","@id":"https:\/\/secure.gravatar.com\/avatar\/93f351f97d5e20a41105810347d62b8b573eebe9313df1f71432877ed17f5f1a?s=96&d=mm&r=g","url":"https:\/\/secure.gravatar.com\/avatar\/93f351f97d5e20a41105810347d62b8b573eebe9313df1f71432877ed17f5f1a?s=96&d=mm&r=g","height":96,"width":96}},"publisher":{"@type":"Organization","name":"durabau.sk","logo":{"@type":"ImageObject","@id":"\/logo.png","url":"\/logo.png","width":600,"height":60}},"image":{"@type":"ImageObject","@id":"https:\/\/www.durabau.sk\/wp-content\/uploads\/img_a281085_w2020_t1497857208.jpg","url":"https:\/\/www.durabau.sk\/wp-content\/uploads\/img_a281085_w2020_t1497857208.jpg","height":0,"width":0},"url":"https:\/\/www.durabau.sk\/problem-s-akrylovymi-nechtami\/","wordCount":489,"articleBody":"        T\u00fdm z n\u00e1s, ktor\u00e9 maj\u00fa probl\u00e9my s pr\u00edrodn\u00fdmi nechtami, m\u00f4\u017ee pom\u00f4c\u0165 model\u00e1cia. V\u010faka nej u\u017e nebud\u00fa tak slab\u00e9, m\u00f4\u017eete zabudn\u00fa\u0165 na ich \u0161tiepenie a l\u00e1manie. Navy\u0161e si m\u00f4\u017eete dopria\u0165 zauj\u00edmav\u00fd tvar i farby. Z\u00e1le\u017e\u00ed len na va\u0161om osobnom vkuse. V\u010faka tejto elegancii sa budete c\u00edti\u0165 lep\u0161ie a nebudete u\u017e va\u0161e ruky nikdy schov\u00e1va\u0165 do vreciek alebo za chrb\u00e1t. I. Pre koho je vhodn\u00e1? V podstate ju m\u00f4\u017ee vysk\u00fa\u0161a\u0165 ka\u017ed\u00e1 \u017eena bez strachu. D\u00f4le\u017eit\u00e9 je ale nav\u0161t\u00edvi\u0165 naozaj kvalitn\u00e9 \u0161t\u00fadio, ktor\u00e9 pou\u017e\u00edva najmodernej\u0161ie met\u00f3dy a prvotriedne pr\u00edpravky. Nemus\u00edte sa b\u00e1\u0165, \u017ee by prestali d\u00fdcha\u0165. Postupne vyrastaj\u00fa z l\u00f4\u017eka a pos\u00favaj\u00fa sa hore. Mus\u00ed sa len spr\u00e1vne nanies\u0165 spev\u0148uj\u00faca hmota, ktor\u00e1 nebr\u00e1ni ich zdraviu a ani spr\u00e1vnej funkcii. II. Model\u00e1\u017e len pre raz Ide\u00e1lnou pr\u00edle\u017eitos\u0165ou je napr\u00edklad va\u0161a svadba, kedy chcete vyzera\u0165 ako princezn\u00e1 a to od hlavy a\u017e po p\u00e4ty. Plat\u00ed pravidlo: jednoduch\u00e9 hladk\u00e9 \u0161aty &#8211; viac ozd\u00f4b vo vlasoch a na ruk\u00e1ch. Ak sa potom nechty rozhodnete zlo\u017ei\u0165 sk\u00f4r, materi\u00e1l sa \u0161etrne opiluje a potom nasleduje vy\u017eivuj\u00faca P-shine. III. S\u00fa\u010dasn\u00e9 dostupn\u00e9 techniky \u00b7 gelovky&#8211; Tie sa musia vytvrdi\u0165 v UV lampe, s\u00fa m\u00e4k\u0161ie pre lep\u0161iu pr\u00e1cu s nimi. \u00b7 akrylov\u00e9 nechty&#8211; Tvrd\u0161\u00ed materi\u00e1l ako u ich sestri\u010diek z g\u00e9lu a UV lampu nepotrebujete. \u00b7 akrylgel&#8211; kombin\u00e1cia oboch v\u00fdhod \u00b7 g\u00e9l lak&#8211; funguje podobne ako oby\u010dajn\u00fd lak, len je potrebn\u00e9 nanies\u0165 ho v troch vrstv\u00e1ch Uvid\u00edte sama, ktor\u00e1 met\u00f3da sa bude p\u00e1\u010di\u0165 pr\u00e1ve v\u00e1m. Ka\u017ed\u00e1 z n\u00e1s je in\u00e1, tak\u017ee s\u00fa pre n\u00e1s d\u00f4le\u017eit\u00e9 aj in\u00e9 vlastnosti o\u0161etrenia. V\u00e4\u010d\u0161ina kozmeti\u010diek d\u00e1va v\u00e4\u010d\u0161inou prednos\u0165 g\u00e9lovej model\u00e1\u017ei, preto\u017ee sa jedn\u00e1 o pru\u017enej\u0161\u00ed materi\u00e1l, s ktor\u00fdm sa ve\u013emi dobre pracuje a d\u00e1 sa dobre tvarova\u0165. M\u00f4\u017eu pracova\u0165 iba s g\u00e9lom a pomocou \u0161abl\u00f3n bez zbyto\u010dn\u00fdch lepidiel, \u010do je ve\u013emi \u0161etrn\u00e1 met\u00f3da predl\u017eovania. Po model\u00e1\u017ei si potom z\u00e1kazn\u00ed\u010dka m\u00f4\u017ee vybra\u0165 farbu, ktor\u00e1 by sa jej p\u00e1\u010dila. V\u00fdber je naozaj ve\u013emi \u0161irok\u00fd. IV. A ak\u00e9 s\u00fa trendy pre slne\u010dn\u00e9 dni? Vo farb\u00e1ch vedie \u017eltozelen\u00e1, lososov\u00e1 alebo jasne \u010derven\u00e1. Pre odv\u00e1\u017enej\u0161ie povahy je tu mo\u017enos\u0165 striedania farieb, ke\u010f je ka\u017ed\u00fd prst\u00edk inak upraven\u00fd. Letu bud\u00fa vl\u00e1dnu\u0165 ne\u00f3nov\u00e9 krik\u013eav\u00e9 farby, perlete, metal\u00edzy a trblietky. Hodia sa toti\u017e k op\u00e1lenej poko\u017eke a veselej n\u00e1lade. Teraz u\u017e len ost\u00e1va vybra\u0165 si, \u010di p\u00f4jdete do akrylu alebo g\u00e9lu.                                                                                                                                                                                                                                                                                                                                                                                          4\/5 - (6 votes)        "},{"@context":"https:\/\/schema.org\/","@type":"BreadcrumbList","itemListElement":[{"@type":"ListItem","position":1,"name":"Probl\u00e9m s akrylov\u00fdmi nechtami","item":"https:\/\/www.durabau.sk\/problem-s-akrylovymi-nechtami\/#breadcrumbitem"}]}]