[{"@context":"https:\/\/schema.org\/","@type":"Article","@id":"https:\/\/www.durabau.sk\/deti-zakladnej-skoly-odskusali-projekt-s-nazvom-bez-internetu-aky-je-jeho-vyznam\/#Article","mainEntityOfPage":"https:\/\/www.durabau.sk\/deti-zakladnej-skoly-odskusali-projekt-s-nazvom-bez-internetu-aky-je-jeho-vyznam\/","headline":"Deti z\u00e1kladnej \u0161koly odsk\u00fa\u0161ali projekt s n\u00e1zvom Bez Internetu. Ak\u00fd je jeho v\u00fdznam?","name":"Deti z\u00e1kladnej \u0161koly odsk\u00fa\u0161ali projekt s n\u00e1zvom Bez Internetu. Ak\u00fd je jeho v\u00fdznam?","description":"To, \u010do sa d\u00e1vnej\u0161ie vravelo o\u00a0ohni, sa dnes za\u010d\u00edna vravie\u0165 o\u00a0internete. Teda nielen ohe\u0148, ale v\u00a0poslednej dobe najm\u00e4 internet je s\u00edce dobr\u00fdm sluhom, ale zl\u00fdm p\u00e1nom. Tejto inovovanej te\u00f3rie s\u00fa [&hellip;]","datePublished":"2018-12-16","dateModified":"2023-04-28","author":{"@type":"Person","@id":"https:\/\/www.durabau.sk\/author\/#Person","name":"","url":"https:\/\/www.durabau.sk\/author\/","identifier":1,"image":{"@type":"ImageObject","@id":"https:\/\/secure.gravatar.com\/avatar\/93f351f97d5e20a41105810347d62b8b573eebe9313df1f71432877ed17f5f1a?s=96&d=mm&r=g","url":"https:\/\/secure.gravatar.com\/avatar\/93f351f97d5e20a41105810347d62b8b573eebe9313df1f71432877ed17f5f1a?s=96&d=mm&r=g","height":96,"width":96}},"publisher":{"@type":"Organization","name":"durabau.sk","logo":{"@type":"ImageObject","@id":"\/logo.png","url":"\/logo.png","width":600,"height":60}},"image":{"@type":"ImageObject","@id":"https:\/\/www.durabau.sk\/wp-content\/uploads\/img_a296965_w16803_t1550332089.jpg","url":"https:\/\/www.durabau.sk\/wp-content\/uploads\/img_a296965_w16803_t1550332089.jpg","height":0,"width":0},"url":"https:\/\/www.durabau.sk\/deti-zakladnej-skoly-odskusali-projekt-s-nazvom-bez-internetu-aky-je-jeho-vyznam\/","about":["Online"],"wordCount":406,"articleBody":"To, \u010do sa d\u00e1vnej\u0161ie vravelo o\u00a0ohni, sa dnes za\u010d\u00edna vravie\u0165 o\u00a0internete. Teda nielen ohe\u0148, ale v\u00a0poslednej dobe najm\u00e4 internet je s\u00edce dobr\u00fdm sluhom, ale zl\u00fdm p\u00e1nom.Tejto inovovanej te\u00f3rie s\u00fa si zrejme vedom\u00ed aj tvorcovia a\u00a0\u010dlenovia projektu Bezinternetu (.sk). Ide o\u00a0ob\u010dianske zdru\u017eenie, ktor\u00e9 m\u00e1 vr\u00e1ti\u0165 \u017eivot det\u00ed z\u00e1kladn\u00fdch \u0161k\u00f4l do \u201estar\u00fdch zdrav\u00fdch ko\u013eaj\u00ed\u201c obmedzen\u00edm \u010dast\u00e9ho pou\u017e\u00edvania smartf\u00f3nov, po\u010d\u00edta\u010dov a\u00a0internetu. Cie\u013eom m\u00e1 by\u0165 vzbudenie vy\u0161\u0161ieho z\u00e1ujmu det\u00ed z\u00e1kladn\u00fdch \u0161k\u00f4l o\u00a0pohyb na \u010derstvom vzduchu, \u0161port, vz\u00e1jomn\u00fa komunik\u00e1ciu a\u00a0tvorenie \u201eoffline\u201c kamar\u00e1tskych vz\u0165ahov, v\u00a0neposlednom rade nazbieranie z\u00e1\u017eitkov, ktor\u00e9 im prinesie len \u010das tr\u00e1ven\u00fd vonku, respekt\u00edve spozn\u00e1va\u0165 kr\u00e1su a\u00a0be\u017en\u00e9 princ\u00edpy sveta, ktor\u00fd nie je virtu\u00e1lny.Ide o\u00a0slovensk\u00fa verziu projektu in\u0161piruj\u00facu sa ideou, ak\u00e1 sa zatia\u013e \u00faspe\u0161ne uchytila v Nemecku, Franc\u00fazsku a\u00a0Austr\u00e1lii.\u00a0 Hostite\u013eom tejto ambici\u00f3znej a novej, no pritom tak p\u00f4vodnej a\u00a0mo\u017eno trochu starom\u00f3dnej idey sa na Slovensku ako prv\u00e1 stala Z\u00e1kladn\u00e1 \u0161kola Kr\u00e1\u013eov\u00e1 pri Senci. Konzervat\u00edvne \u010di starom\u00f3dne v\u0161ak automaticky neznamen\u00e1 negat\u00edvne, v\u00a0\u00fa\u010deloch, ak\u00fdm je tento napr\u00edklad vrav\u00edme o\u00a0viacer\u00fdch pozit\u00edvach a\u00a0ur\u010ditom boji vo\u010di prehnanej z\u00e1vislosti od umel\u00e9ho \u017eivota v klietke internetu. A\u00a0sympatick\u00fd je najm\u00e4 fakt, \u017ee tento zdrav\u00fd a\u00a0sympatick\u00fd boj sa za\u010d\u00edna pr\u00e1ve od det\u00ed, ktor\u00e9 s\u00fa vlastne na\u0161ou bud\u00facnos\u0165ou.Z\u00a0celkov\u00e9ho po\u010dtu 324 \u017eiakov sa spomenut\u00e9ho projektu z\u00fa\u010dastnilo 84 zvedavcov, ak\u00e9 to bude, \u017ei\u0165 svoj \u017eivot bez internetovej z\u00e1vislosti. Konkr\u00e9tne vrav\u00edme o\u00a0obdob\u00ed jedn\u00e9ho mesiaca, po\u010das ktor\u00e9ho sa deti vzdali nielen internetu, mobilu a\u00a0tabletov, ale aj\u00a0telev\u00edzie \u010di hern\u00fdch konzol. Po\u010das tejto doby si mali vies\u0165 denn\u00edk, v\u00a0akom mali vlastn\u00fdmi slovami op\u00edsa\u0165, ak\u00fdm sp\u00f4sobom tr\u00e1vili svoje dni.Podobn\u00fdm denn\u00edkom disponovali aj rodi\u010dia, ktor\u00ed si naopak p\u00edsali, ak\u00fd vplyv m\u00e1 po t\u00fato dobu na ich potomka\u00a0 jeho do\u010dasn\u00e9 odrezanie od multim\u00e9di\u00ed.\t\tV\u00fdsledok v\u00a0oboch pr\u00edpadoch ukazuje pozit\u00edvnu zmenu a\u00a0pohnutok k\u00a0aktivit\u00e1m spomenut\u00fdch na za\u010diatku tohto \u010dl\u00e1nku.                                                                                                                                                                                                                                                                                                                                                                                        3.8\/5 - (6 votes)        "},{"@context":"https:\/\/schema.org\/","@type":"BreadcrumbList","itemListElement":[{"@type":"ListItem","position":1,"name":"Deti z\u00e1kladnej \u0161koly odsk\u00fa\u0161ali projekt s n\u00e1zvom Bez Internetu. Ak\u00fd je jeho v\u00fdznam?","item":"https:\/\/www.durabau.sk\/deti-zakladnej-skoly-odskusali-projekt-s-nazvom-bez-internetu-aky-je-jeho-vyznam\/#breadcrumbitem"}]}]